{"id":2184,"date":"2024-12-19T12:45:58","date_gmt":"2024-12-19T12:45:58","guid":{"rendered":"https:\/\/straye.no\/?p=2184"},"modified":"2024-12-20T12:21:20","modified_gmt":"2024-12-20T12:21:20","slug":"mekonomen_vestby_1","status":"publish","type":"post","link":"https:\/\/straye.no\/sv\/aktuelt\/mekonomen_vestby_1\/","title":{"rendered":"Ny lagerlokal f\u00f6r Mekonomen i Vestby"},"content":{"rendered":"<div id=\"cs-content\" class=\"cs-content\"><div class=\"x-section e2184-e1 m1oo-0 section-class\"><div class=\"x-row e2184-e2 m1oo-1 m1oo-2 m1oo-6\"><div class=\"x-row-inner\"><div class=\"x-col e2184-e3 m1oo-a\"><div class=\"x-text x-content e2184-e4 m1oo-c m1oo-d m1oo-e\"><span>Straye St\u00e5lbygg h\u00e5ller p\u00e5 att f\u00e4rdigst\u00e4lla en ny lagerbyggnad p\u00e5 32.000 kvadratmeter \u00e5t v\u00e5r totalentrepren\u00f6r <\/span><a class=\"ql-mention\" href=\"https:\/\/www.linkedin.com\/company\/20565856\/admin\/page-posts\/published\/?share=true#\" data-entity-urn=\"urn:li:fsd_company:87424853\" data-guid=\"1\" data-object-urn=\"urn:li:organization:87424853\" data-original-text=\"Thermica AS\" spellcheck=\"false\" data-test-ql-mention=\"true\">Thermica AS<\/a><span> i Vestby. Den nya Mekonomen-anl\u00e4ggningen kommer att konsolidera MEKO:s godshantering i Norge och f\u00f6rv\u00e4ntas ge f\u00f6rb\u00e4ttrad service och tillg\u00e4nglighet f\u00f6r kunderna. Lagret kommer att \u00f6verl\u00e4mnas i februari 2025 och \u00e4r planerat att vara i full drift i slutet av 2025.<\/span><\/div><\/div><\/div><\/div><div class=\"x-row e2184-e5 m1oo-1 m1oo-3 m1oo-4 m1oo-7 m1oo-8\"><div class=\"x-row-inner\"><div class=\"x-col e2184-e6 m1oo-a m1oo-b\"><div class=\"x-text x-content e2184-e7 m1oo-d m1oo-f m1oo-g\"><p><strong>Utvecklare:<\/strong> <br \/>\nBulk<br \/>\n<strong>Totalentrepren\u00f6r:<\/strong> Termik<br \/>\n<strong>Omr\u00e5de<\/strong>: 32.000 m\u00b2<br \/>\n<strong>BREEAM-certifierad<\/strong><br \/>\n<strong>Planerat f\u00e4rdigst\u00e4llande:<br \/>\n<\/strong>Februari 2025<\/p><\/div><\/div><div class=\"x-col e2184-e8 m1oo-a\"><div class=\"x-frame x-frame-video-embed e2184-e9 m1oo-h m1oo-i\"><div class=\"x-frame-inner\"><div class=\"x-video x-video-embed\"><div class=\"x-resp-embed x-is-video x-is-youtube\"><iframe loading=\"lazy\" title=\"Mekonomen Vestby\" width=\"1280\" height=\"720\" src=\"https:\/\/www.youtube.com\/embed\/NOJJjlzgdek?feature=oembed\" frameborder=\"0\" allow=\"accelerometer; autoplay; clipboard-write; encrypted-media; gyroscope; picture-in-picture; web-share\" referrerpolicy=\"strict-origin-when-cross-origin\" allowfullscreen><\/iframe><\/div><\/div><\/div><\/div><\/div><\/div><\/div><div class=\"x-row e2184-e10 m1oo-1 m1oo-3 m1oo-5 m1oo-7 m1oo-9\"><div class=\"x-row-inner\"><div class=\"x-col e2184-e11 m1oo-a m1oo-b\"><div class=\"x-text x-content e2184-e12 m1oo-c m1oo-d m1oo-g\"><p><span>Byggnaden utvecklas i linje med Bulks tydliga fokus p\u00e5 h\u00e5llbarhet. Den nyutvecklade fastigheten kommer \u00e4ven att BREEAM-certifieras och ha solpaneler p\u00e5 taket i syfte att f\u00f6rse hyresg\u00e4sten med gr\u00f6n el.<\/span><\/p>\n<p><a href=\"https:\/\/www.thermica.no\/\">Termik<\/a>\u00a0 <a href=\"https:\/\/bulkinfrastructure.com\/no\/industrieiendom\/l%C3%B8sninger\">Bulk<\/a><\/p><\/div><\/div><\/div><\/div><\/div><\/div>","protected":false},"excerpt":{"rendered":"<p>Straye St\u00e5lbygg h\u00e5ller p\u00e5 att f\u00e4rdigst\u00e4lla ett nytt 32.000 kvadratmeter stort lager \u00e5t v\u00e5r totalentrepren\u00f6r Thermica AS i Vestby. Den nya Mekonomen-anl\u00e4ggningen kommer att konsolidera MEKO:s godshantering i Norge och f\u00f6rv\u00e4ntas ge f\u00f6rb\u00e4ttrad service och tillg\u00e4nglighet f\u00f6r kunderna. Lagret kommer att \u00f6verl\u00e4mnas i februari 2025 och \u00e4r planerat att vara i full drift i slutet av 2025: ... <\/p>\n<div><a href=\"https:\/\/straye.no\/sv\/aktuelt\/mekonomen_vestby_1\/\" class=\"more-link\">L\u00e4s mer om<\/a><\/div>","protected":false},"author":3,"featured_media":2180,"comment_status":"open","ping_status":"closed","sticky":false,"template":"","format":"standard","meta":{"_acf_changed":false,"inline_featured_image":false,"footnotes":""},"categories":[17],"tags":[],"firmaer":[10],"class_list":["post-2184","post","type-post","status-publish","format-standard","has-post-thumbnail","hentry","category-aktuelt","firmaer-stalbygg"],"acf":[],"yoast_head":"<!-- This site is optimized with the Yoast SEO plugin v27.5 - https:\/\/yoast.com\/product\/yoast-seo-wordpress\/ -->\n<title>Nytt lager for Mekonomen p\u00e5 Vestby - Straye<\/title>\n<meta name=\"robots\" content=\"index, follow, max-snippet:-1, max-image-preview:large, max-video-preview:-1\" \/>\n<link rel=\"canonical\" href=\"https:\/\/straye.no\/sv\/aktuelt\/mekonomen_vestby_1\/\" \/>\n<meta property=\"og:locale\" content=\"sv_SE\" \/>\n<meta property=\"og:type\" content=\"article\" \/>\n<meta property=\"og:title\" content=\"Nytt lager for Mekonomen p\u00e5 Vestby - Straye\" \/>\n<meta property=\"og:description\" content=\"Straye St\u00e5lbygg er i ferd med \u00e5 ferdigstille et nytt lager p\u00e5 32.000 kvm for v\u00e5r totalentrepen\u00f8r Thermica AS p\u00e5 Vestby. Det nye anlegget til Mekonomen skal samle MEKOs vareh\u00e5ndtering i Norge og forventes \u00e5 gi forbedret service og tilgjengelighet for kundene. Lageret skal overleveres i februar 2025 og det planlegges \u00e5 v\u00e6re i full drift i slutten av 2025.Byggherre: ... Read More\" \/>\n<meta property=\"og:url\" content=\"https:\/\/straye.no\/sv\/aktuelt\/mekonomen_vestby_1\/\" \/>\n<meta property=\"og:site_name\" content=\"Straye\" \/>\n<meta property=\"article:published_time\" content=\"2024-12-19T12:45:58+00:00\" \/>\n<meta property=\"article:modified_time\" content=\"2024-12-20T12:21:20+00:00\" \/>\n<meta property=\"og:image\" content=\"https:\/\/straye.no\/wp-content\/uploads\/2024\/12\/DJI_20240927102050_0132_D_web.jpg\" \/>\n\t<meta property=\"og:image:width\" content=\"1500\" \/>\n\t<meta property=\"og:image:height\" content=\"1123\" \/>\n\t<meta property=\"og:image:type\" content=\"image\/jpeg\" \/>\n<meta name=\"author\" content=\"Trond\" \/>\n<meta name=\"twitter:card\" content=\"summary_large_image\" \/>\n<meta name=\"twitter:label1\" content=\"Skriven av\" \/>\n\t<meta name=\"twitter:data1\" content=\"Trond\" \/>\n\t<meta name=\"twitter:label2\" content=\"Ber\u00e4knad l\u00e4stid\" \/>\n\t<meta name=\"twitter:data2\" content=\"2 minuter\" \/>\n<script type=\"application\/ld+json\" class=\"yoast-schema-graph\">{\"@context\":\"https:\\\/\\\/schema.org\",\"@graph\":[{\"@type\":\"Article\",\"@id\":\"https:\\\/\\\/straye.no\\\/aktuelt\\\/mekonomen_vestby_1\\\/#article\",\"isPartOf\":{\"@id\":\"https:\\\/\\\/straye.no\\\/aktuelt\\\/mekonomen_vestby_1\\\/\"},\"author\":{\"name\":\"Trond\",\"@id\":\"https:\\\/\\\/straye.no\\\/#\\\/schema\\\/person\\\/649554fcbae3ed408ddd294b2791de80\"},\"headline\":\"Nytt lager for Mekonomen p\u00e5 Vestby\",\"datePublished\":\"2024-12-19T12:45:58+00:00\",\"dateModified\":\"2024-12-20T12:21:20+00:00\",\"mainEntityOfPage\":{\"@id\":\"https:\\\/\\\/straye.no\\\/aktuelt\\\/mekonomen_vestby_1\\\/\"},\"wordCount\":228,\"commentCount\":156,\"image\":{\"@id\":\"https:\\\/\\\/straye.no\\\/aktuelt\\\/mekonomen_vestby_1\\\/#primaryimage\"},\"thumbnailUrl\":\"https:\\\/\\\/straye.no\\\/wp-content\\\/uploads\\\/2024\\\/12\\\/DJI_20240927102050_0132_D_web.jpg\",\"articleSection\":[\"Aktuelt\"],\"inLanguage\":\"sv-SE\",\"potentialAction\":[{\"@type\":\"CommentAction\",\"name\":\"Comment\",\"target\":[\"https:\\\/\\\/straye.no\\\/aktuelt\\\/mekonomen_vestby_1\\\/#respond\"]}]},{\"@type\":\"WebPage\",\"@id\":\"https:\\\/\\\/straye.no\\\/aktuelt\\\/mekonomen_vestby_1\\\/\",\"url\":\"https:\\\/\\\/straye.no\\\/aktuelt\\\/mekonomen_vestby_1\\\/\",\"name\":\"Nytt lager for Mekonomen p\u00e5 Vestby - Straye\",\"isPartOf\":{\"@id\":\"https:\\\/\\\/straye.no\\\/#website\"},\"primaryImageOfPage\":{\"@id\":\"https:\\\/\\\/straye.no\\\/aktuelt\\\/mekonomen_vestby_1\\\/#primaryimage\"},\"image\":{\"@id\":\"https:\\\/\\\/straye.no\\\/aktuelt\\\/mekonomen_vestby_1\\\/#primaryimage\"},\"thumbnailUrl\":\"https:\\\/\\\/straye.no\\\/wp-content\\\/uploads\\\/2024\\\/12\\\/DJI_20240927102050_0132_D_web.jpg\",\"datePublished\":\"2024-12-19T12:45:58+00:00\",\"dateModified\":\"2024-12-20T12:21:20+00:00\",\"author\":{\"@id\":\"https:\\\/\\\/straye.no\\\/#\\\/schema\\\/person\\\/649554fcbae3ed408ddd294b2791de80\"},\"breadcrumb\":{\"@id\":\"https:\\\/\\\/straye.no\\\/aktuelt\\\/mekonomen_vestby_1\\\/#breadcrumb\"},\"inLanguage\":\"sv-SE\",\"potentialAction\":[{\"@type\":\"ReadAction\",\"target\":[\"https:\\\/\\\/straye.no\\\/aktuelt\\\/mekonomen_vestby_1\\\/\"]}]},{\"@type\":\"ImageObject\",\"inLanguage\":\"sv-SE\",\"@id\":\"https:\\\/\\\/straye.no\\\/aktuelt\\\/mekonomen_vestby_1\\\/#primaryimage\",\"url\":\"https:\\\/\\\/straye.no\\\/wp-content\\\/uploads\\\/2024\\\/12\\\/DJI_20240927102050_0132_D_web.jpg\",\"contentUrl\":\"https:\\\/\\\/straye.no\\\/wp-content\\\/uploads\\\/2024\\\/12\\\/DJI_20240927102050_0132_D_web.jpg\",\"width\":1500,\"height\":1123,\"caption\":\"default\"},{\"@type\":\"BreadcrumbList\",\"@id\":\"https:\\\/\\\/straye.no\\\/aktuelt\\\/mekonomen_vestby_1\\\/#breadcrumb\",\"itemListElement\":[{\"@type\":\"ListItem\",\"position\":1,\"name\":\"Hjem\",\"item\":\"https:\\\/\\\/straye.no\\\/\"},{\"@type\":\"ListItem\",\"position\":2,\"name\":\"Nytt lager for Mekonomen p\u00e5 Vestby\"}]},{\"@type\":\"WebSite\",\"@id\":\"https:\\\/\\\/straye.no\\\/#website\",\"url\":\"https:\\\/\\\/straye.no\\\/\",\"name\":\"Straye Gruppen AS\",\"description\":\"Straye\",\"potentialAction\":[{\"@type\":\"SearchAction\",\"target\":{\"@type\":\"EntryPoint\",\"urlTemplate\":\"https:\\\/\\\/straye.no\\\/?s={search_term_string}\"},\"query-input\":{\"@type\":\"PropertyValueSpecification\",\"valueRequired\":true,\"valueName\":\"search_term_string\"}}],\"inLanguage\":\"sv-SE\"},{\"@type\":\"Person\",\"@id\":\"https:\\\/\\\/straye.no\\\/#\\\/schema\\\/person\\\/649554fcbae3ed408ddd294b2791de80\",\"name\":\"Trond\",\"image\":{\"@type\":\"ImageObject\",\"inLanguage\":\"sv-SE\",\"@id\":\"https:\\\/\\\/secure.gravatar.com\\\/avatar\\\/f953cf82f26715436bf96313088b06bef5f9d71dcc5e671781cb3975ec147000?s=96&d=mm&r=g\",\"url\":\"https:\\\/\\\/secure.gravatar.com\\\/avatar\\\/f953cf82f26715436bf96313088b06bef5f9d71dcc5e671781cb3975ec147000?s=96&d=mm&r=g\",\"contentUrl\":\"https:\\\/\\\/secure.gravatar.com\\\/avatar\\\/f953cf82f26715436bf96313088b06bef5f9d71dcc5e671781cb3975ec147000?s=96&d=mm&r=g\",\"caption\":\"Trond\"}}]}<\/script>\n<!-- \/ Yoast SEO plugin. -->","yoast_head_json":{"title":"Nytt lager for Mekonomen p\u00e5 Vestby - Straye","robots":{"index":"index","follow":"follow","max-snippet":"max-snippet:-1","max-image-preview":"max-image-preview:large","max-video-preview":"max-video-preview:-1"},"canonical":"https:\/\/straye.no\/sv\/aktuelt\/mekonomen_vestby_1\/","og_locale":"sv_SE","og_type":"article","og_title":"Nytt lager for Mekonomen p\u00e5 Vestby - Straye","og_description":"Straye St\u00e5lbygg er i ferd med \u00e5 ferdigstille et nytt lager p\u00e5 32.000 kvm for v\u00e5r totalentrepen\u00f8r Thermica AS p\u00e5 Vestby. Det nye anlegget til Mekonomen skal samle MEKOs vareh\u00e5ndtering i Norge og forventes \u00e5 gi forbedret service og tilgjengelighet for kundene. Lageret skal overleveres i februar 2025 og det planlegges \u00e5 v\u00e6re i full drift i slutten av 2025.Byggherre: ... Read More","og_url":"https:\/\/straye.no\/sv\/aktuelt\/mekonomen_vestby_1\/","og_site_name":"Straye","article_published_time":"2024-12-19T12:45:58+00:00","article_modified_time":"2024-12-20T12:21:20+00:00","og_image":[{"width":1500,"height":1123,"url":"https:\/\/straye.no\/wp-content\/uploads\/2024\/12\/DJI_20240927102050_0132_D_web.jpg","type":"image\/jpeg"}],"author":"Trond","twitter_card":"summary_large_image","twitter_misc":{"Skriven av":"Trond","Ber\u00e4knad l\u00e4stid":"2 minuter"},"schema":{"@context":"https:\/\/schema.org","@graph":[{"@type":"Article","@id":"https:\/\/straye.no\/aktuelt\/mekonomen_vestby_1\/#article","isPartOf":{"@id":"https:\/\/straye.no\/aktuelt\/mekonomen_vestby_1\/"},"author":{"name":"Trond","@id":"https:\/\/straye.no\/#\/schema\/person\/649554fcbae3ed408ddd294b2791de80"},"headline":"Nytt lager for Mekonomen p\u00e5 Vestby","datePublished":"2024-12-19T12:45:58+00:00","dateModified":"2024-12-20T12:21:20+00:00","mainEntityOfPage":{"@id":"https:\/\/straye.no\/aktuelt\/mekonomen_vestby_1\/"},"wordCount":228,"commentCount":156,"image":{"@id":"https:\/\/straye.no\/aktuelt\/mekonomen_vestby_1\/#primaryimage"},"thumbnailUrl":"https:\/\/straye.no\/wp-content\/uploads\/2024\/12\/DJI_20240927102050_0132_D_web.jpg","articleSection":["Aktuelt"],"inLanguage":"sv-SE","potentialAction":[{"@type":"CommentAction","name":"Comment","target":["https:\/\/straye.no\/aktuelt\/mekonomen_vestby_1\/#respond"]}]},{"@type":"WebPage","@id":"https:\/\/straye.no\/aktuelt\/mekonomen_vestby_1\/","url":"https:\/\/straye.no\/aktuelt\/mekonomen_vestby_1\/","name":"Nytt lager for Mekonomen p\u00e5 Vestby - Straye","isPartOf":{"@id":"https:\/\/straye.no\/#website"},"primaryImageOfPage":{"@id":"https:\/\/straye.no\/aktuelt\/mekonomen_vestby_1\/#primaryimage"},"image":{"@id":"https:\/\/straye.no\/aktuelt\/mekonomen_vestby_1\/#primaryimage"},"thumbnailUrl":"https:\/\/straye.no\/wp-content\/uploads\/2024\/12\/DJI_20240927102050_0132_D_web.jpg","datePublished":"2024-12-19T12:45:58+00:00","dateModified":"2024-12-20T12:21:20+00:00","author":{"@id":"https:\/\/straye.no\/#\/schema\/person\/649554fcbae3ed408ddd294b2791de80"},"breadcrumb":{"@id":"https:\/\/straye.no\/aktuelt\/mekonomen_vestby_1\/#breadcrumb"},"inLanguage":"sv-SE","potentialAction":[{"@type":"ReadAction","target":["https:\/\/straye.no\/aktuelt\/mekonomen_vestby_1\/"]}]},{"@type":"ImageObject","inLanguage":"sv-SE","@id":"https:\/\/straye.no\/aktuelt\/mekonomen_vestby_1\/#primaryimage","url":"https:\/\/straye.no\/wp-content\/uploads\/2024\/12\/DJI_20240927102050_0132_D_web.jpg","contentUrl":"https:\/\/straye.no\/wp-content\/uploads\/2024\/12\/DJI_20240927102050_0132_D_web.jpg","width":1500,"height":1123,"caption":"default"},{"@type":"BreadcrumbList","@id":"https:\/\/straye.no\/aktuelt\/mekonomen_vestby_1\/#breadcrumb","itemListElement":[{"@type":"ListItem","position":1,"name":"Hjem","item":"https:\/\/straye.no\/"},{"@type":"ListItem","position":2,"name":"Nytt lager for Mekonomen p\u00e5 Vestby"}]},{"@type":"WebSite","@id":"https:\/\/straye.no\/#website","url":"https:\/\/straye.no\/","name":"Straye Group AS","description":"Straye","potentialAction":[{"@type":"SearchAction","target":{"@type":"EntryPoint","urlTemplate":"https:\/\/straye.no\/?s={search_term_string}"},"query-input":{"@type":"PropertyValueSpecification","valueRequired":true,"valueName":"search_term_string"}}],"inLanguage":"sv-SE"},{"@type":"Person","@id":"https:\/\/straye.no\/#\/schema\/person\/649554fcbae3ed408ddd294b2791de80","name":"Trond","image":{"@type":"ImageObject","inLanguage":"sv-SE","@id":"https:\/\/secure.gravatar.com\/avatar\/f953cf82f26715436bf96313088b06bef5f9d71dcc5e671781cb3975ec147000?s=96&d=mm&r=g","url":"https:\/\/secure.gravatar.com\/avatar\/f953cf82f26715436bf96313088b06bef5f9d71dcc5e671781cb3975ec147000?s=96&d=mm&r=g","contentUrl":"https:\/\/secure.gravatar.com\/avatar\/f953cf82f26715436bf96313088b06bef5f9d71dcc5e671781cb3975ec147000?s=96&d=mm&r=g","caption":"Trond"}}]}},"_links":{"self":[{"href":"https:\/\/straye.no\/sv\/wp-json\/wp\/v2\/posts\/2184","targetHints":{"allow":["GET"]}}],"collection":[{"href":"https:\/\/straye.no\/sv\/wp-json\/wp\/v2\/posts"}],"about":[{"href":"https:\/\/straye.no\/sv\/wp-json\/wp\/v2\/types\/post"}],"author":[{"embeddable":true,"href":"https:\/\/straye.no\/sv\/wp-json\/wp\/v2\/users\/3"}],"replies":[{"embeddable":true,"href":"https:\/\/straye.no\/sv\/wp-json\/wp\/v2\/comments?post=2184"}],"version-history":[{"count":9,"href":"https:\/\/straye.no\/sv\/wp-json\/wp\/v2\/posts\/2184\/revisions"}],"predecessor-version":[{"id":2210,"href":"https:\/\/straye.no\/sv\/wp-json\/wp\/v2\/posts\/2184\/revisions\/2210"}],"wp:featuredmedia":[{"embeddable":true,"href":"https:\/\/straye.no\/sv\/wp-json\/wp\/v2\/media\/2180"}],"wp:attachment":[{"href":"https:\/\/straye.no\/sv\/wp-json\/wp\/v2\/media?parent=2184"}],"wp:term":[{"taxonomy":"category","embeddable":true,"href":"https:\/\/straye.no\/sv\/wp-json\/wp\/v2\/categories?post=2184"},{"taxonomy":"post_tag","embeddable":true,"href":"https:\/\/straye.no\/sv\/wp-json\/wp\/v2\/tags?post=2184"},{"taxonomy":"firmaer","embeddable":true,"href":"https:\/\/straye.no\/sv\/wp-json\/wp\/v2\/firmaer?post=2184"}],"curies":[{"name":"wp","href":"https:\/\/api.w.org\/{rel}","templated":true}]}}