{"id":1579,"date":"2023-11-03T10:26:01","date_gmt":"2023-11-03T10:26:01","guid":{"rendered":"https:\/\/straye.no\/?p=1579"},"modified":"2024-03-11T09:55:49","modified_gmt":"2024-03-11T09:55:49","slug":"solhoy_omsorgsboliger","status":"publish","type":"post","link":"https:\/\/straye.no\/sv\/aktuelt\/solhoy_omsorgsboliger\/","title":{"rendered":"Solh\u00f8y v\u00e5rdhem"},"content":{"rendered":"<div id=\"cs-content\" class=\"cs-content\"><\/div>","protected":false},"excerpt":{"rendered":"<p>Solh\u00f8y v\u00e5rdboende i Son kommer att best\u00e5 av 67 l\u00e4genheter med dygnet-runt-bemanning. I anslutning till bost\u00e4derna ska \u00e4ven ett dagcenter etableras. Straye Trebygg har massivtr\u00e4kontraktet f\u00f6r Solid Entrepen\u00f8rer i detta projekt, och i anslutning till v\u00e5rdhemmen kommer det att etableras ett dagcenter med bland annat fris\u00f6r, fotv\u00e5rd, fysioterapi och en kultursal med caf\u00e9. Projektet \u00e4r byggt i massivt tr\u00e4 med en k\u00e4llare i gjuten betong. ... <\/p>\n<div><a href=\"https:\/\/straye.no\/sv\/aktuelt\/solhoy_omsorgsboliger\/\" class=\"more-link\">L\u00e4s mer om<\/a><\/div>","protected":false},"author":3,"featured_media":1566,"comment_status":"open","ping_status":"closed","sticky":false,"template":"","format":"standard","meta":{"_acf_changed":false,"inline_featured_image":false,"footnotes":""},"categories":[17],"tags":[],"firmaer":[],"class_list":["post-1579","post","type-post","status-publish","format-standard","has-post-thumbnail","hentry","category-aktuelt"],"acf":[],"yoast_head":"<!-- This site is optimized with the Yoast SEO plugin v27.5 - https:\/\/yoast.com\/product\/yoast-seo-wordpress\/ -->\n<title>Solh\u00f8y omsorgsboliger - Straye<\/title>\n<meta name=\"robots\" content=\"index, follow, max-snippet:-1, max-image-preview:large, max-video-preview:-1\" \/>\n<link rel=\"canonical\" href=\"https:\/\/straye.no\/sv\/aktuelt\/solhoy_omsorgsboliger\/\" \/>\n<meta property=\"og:locale\" content=\"sv_SE\" \/>\n<meta property=\"og:type\" content=\"article\" \/>\n<meta property=\"og:title\" content=\"Solh\u00f8y omsorgsboliger - Straye\" \/>\n<meta property=\"og:description\" content=\"Solh\u00f8y omsorgsboliger i Son skal best\u00e5 av 67 leiligheter med bemanning hele d\u00f8gnet. I tilknytning til boligene etableres det ogs\u00e5 et dagsenter. Straye Trebygg har Massivtre entreprisen for Solid Entrepen\u00f8rer p\u00e5 dette prosjektet.I tilknytning til omsorgsboligene etableres det et dagsenter med blant annet fris\u00f8r, fotpleie, fysioterapi og kultursal med kaf\u00e9. Prosjektet er oppf\u00f8rt i massivtre, med plasst\u00f8pt kjeller i betong. ... Read More\" \/>\n<meta property=\"og:url\" content=\"https:\/\/straye.no\/sv\/aktuelt\/solhoy_omsorgsboliger\/\" \/>\n<meta property=\"og:site_name\" content=\"Straye\" \/>\n<meta property=\"article:published_time\" content=\"2023-11-03T10:26:01+00:00\" \/>\n<meta property=\"article:modified_time\" content=\"2024-03-11T09:55:49+00:00\" \/>\n<meta property=\"og:image\" content=\"https:\/\/straye.no\/wp-content\/uploads\/2023\/11\/Solhoy_Front-1024x708.png\" \/>\n\t<meta property=\"og:image:width\" content=\"1024\" \/>\n\t<meta property=\"og:image:height\" content=\"708\" \/>\n\t<meta property=\"og:image:type\" content=\"image\/png\" \/>\n<meta name=\"author\" content=\"Trond\" \/>\n<meta name=\"twitter:card\" content=\"summary_large_image\" \/>\n<meta name=\"twitter:label1\" content=\"Skriven av\" \/>\n\t<meta name=\"twitter:data1\" content=\"Trond\" \/>\n\t<meta name=\"twitter:label2\" content=\"Ber\u00e4knad l\u00e4stid\" \/>\n\t<meta name=\"twitter:data2\" content=\"1 minut\" \/>\n<script type=\"application\/ld+json\" class=\"yoast-schema-graph\">{\"@context\":\"https:\\\/\\\/schema.org\",\"@graph\":[{\"@type\":\"Article\",\"@id\":\"https:\\\/\\\/straye.no\\\/aktuelt\\\/solhoy_omsorgsboliger\\\/#article\",\"isPartOf\":{\"@id\":\"https:\\\/\\\/straye.no\\\/aktuelt\\\/solhoy_omsorgsboliger\\\/\"},\"author\":{\"name\":\"Trond\",\"@id\":\"https:\\\/\\\/straye.no\\\/#\\\/schema\\\/person\\\/649554fcbae3ed408ddd294b2791de80\"},\"headline\":\"Solh\u00f8y omsorgsboliger\",\"datePublished\":\"2023-11-03T10:26:01+00:00\",\"dateModified\":\"2024-03-11T09:55:49+00:00\",\"mainEntityOfPage\":{\"@id\":\"https:\\\/\\\/straye.no\\\/aktuelt\\\/solhoy_omsorgsboliger\\\/\"},\"wordCount\":305,\"commentCount\":10,\"image\":{\"@id\":\"https:\\\/\\\/straye.no\\\/aktuelt\\\/solhoy_omsorgsboliger\\\/#primaryimage\"},\"thumbnailUrl\":\"https:\\\/\\\/straye.no\\\/wp-content\\\/uploads\\\/2023\\\/11\\\/Solhoy_Front.png\",\"articleSection\":[\"Aktuelt\"],\"inLanguage\":\"sv-SE\",\"potentialAction\":[{\"@type\":\"CommentAction\",\"name\":\"Comment\",\"target\":[\"https:\\\/\\\/straye.no\\\/aktuelt\\\/solhoy_omsorgsboliger\\\/#respond\"]}]},{\"@type\":\"WebPage\",\"@id\":\"https:\\\/\\\/straye.no\\\/aktuelt\\\/solhoy_omsorgsboliger\\\/\",\"url\":\"https:\\\/\\\/straye.no\\\/aktuelt\\\/solhoy_omsorgsboliger\\\/\",\"name\":\"Solh\u00f8y omsorgsboliger - Straye\",\"isPartOf\":{\"@id\":\"https:\\\/\\\/straye.no\\\/#website\"},\"primaryImageOfPage\":{\"@id\":\"https:\\\/\\\/straye.no\\\/aktuelt\\\/solhoy_omsorgsboliger\\\/#primaryimage\"},\"image\":{\"@id\":\"https:\\\/\\\/straye.no\\\/aktuelt\\\/solhoy_omsorgsboliger\\\/#primaryimage\"},\"thumbnailUrl\":\"https:\\\/\\\/straye.no\\\/wp-content\\\/uploads\\\/2023\\\/11\\\/Solhoy_Front.png\",\"datePublished\":\"2023-11-03T10:26:01+00:00\",\"dateModified\":\"2024-03-11T09:55:49+00:00\",\"author\":{\"@id\":\"https:\\\/\\\/straye.no\\\/#\\\/schema\\\/person\\\/649554fcbae3ed408ddd294b2791de80\"},\"breadcrumb\":{\"@id\":\"https:\\\/\\\/straye.no\\\/aktuelt\\\/solhoy_omsorgsboliger\\\/#breadcrumb\"},\"inLanguage\":\"sv-SE\",\"potentialAction\":[{\"@type\":\"ReadAction\",\"target\":[\"https:\\\/\\\/straye.no\\\/aktuelt\\\/solhoy_omsorgsboliger\\\/\"]}]},{\"@type\":\"ImageObject\",\"inLanguage\":\"sv-SE\",\"@id\":\"https:\\\/\\\/straye.no\\\/aktuelt\\\/solhoy_omsorgsboliger\\\/#primaryimage\",\"url\":\"https:\\\/\\\/straye.no\\\/wp-content\\\/uploads\\\/2023\\\/11\\\/Solhoy_Front.png\",\"contentUrl\":\"https:\\\/\\\/straye.no\\\/wp-content\\\/uploads\\\/2023\\\/11\\\/Solhoy_Front.png\",\"width\":2000,\"height\":1383},{\"@type\":\"BreadcrumbList\",\"@id\":\"https:\\\/\\\/straye.no\\\/aktuelt\\\/solhoy_omsorgsboliger\\\/#breadcrumb\",\"itemListElement\":[{\"@type\":\"ListItem\",\"position\":1,\"name\":\"Hjem\",\"item\":\"https:\\\/\\\/straye.no\\\/\"},{\"@type\":\"ListItem\",\"position\":2,\"name\":\"Solh\u00f8y omsorgsboliger\"}]},{\"@type\":\"WebSite\",\"@id\":\"https:\\\/\\\/straye.no\\\/#website\",\"url\":\"https:\\\/\\\/straye.no\\\/\",\"name\":\"Straye Gruppen AS\",\"description\":\"Straye\",\"potentialAction\":[{\"@type\":\"SearchAction\",\"target\":{\"@type\":\"EntryPoint\",\"urlTemplate\":\"https:\\\/\\\/straye.no\\\/?s={search_term_string}\"},\"query-input\":{\"@type\":\"PropertyValueSpecification\",\"valueRequired\":true,\"valueName\":\"search_term_string\"}}],\"inLanguage\":\"sv-SE\"},{\"@type\":\"Person\",\"@id\":\"https:\\\/\\\/straye.no\\\/#\\\/schema\\\/person\\\/649554fcbae3ed408ddd294b2791de80\",\"name\":\"Trond\",\"image\":{\"@type\":\"ImageObject\",\"inLanguage\":\"sv-SE\",\"@id\":\"https:\\\/\\\/secure.gravatar.com\\\/avatar\\\/f953cf82f26715436bf96313088b06bef5f9d71dcc5e671781cb3975ec147000?s=96&d=mm&r=g\",\"url\":\"https:\\\/\\\/secure.gravatar.com\\\/avatar\\\/f953cf82f26715436bf96313088b06bef5f9d71dcc5e671781cb3975ec147000?s=96&d=mm&r=g\",\"contentUrl\":\"https:\\\/\\\/secure.gravatar.com\\\/avatar\\\/f953cf82f26715436bf96313088b06bef5f9d71dcc5e671781cb3975ec147000?s=96&d=mm&r=g\",\"caption\":\"Trond\"}}]}<\/script>\n<!-- \/ Yoast SEO plugin. -->","yoast_head_json":{"title":"Solh\u00f8y omsorgsboliger - Straye","robots":{"index":"index","follow":"follow","max-snippet":"max-snippet:-1","max-image-preview":"max-image-preview:large","max-video-preview":"max-video-preview:-1"},"canonical":"https:\/\/straye.no\/sv\/aktuelt\/solhoy_omsorgsboliger\/","og_locale":"sv_SE","og_type":"article","og_title":"Solh\u00f8y omsorgsboliger - Straye","og_description":"Solh\u00f8y omsorgsboliger i Son skal best\u00e5 av 67 leiligheter med bemanning hele d\u00f8gnet. I tilknytning til boligene etableres det ogs\u00e5 et dagsenter. Straye Trebygg har Massivtre entreprisen for Solid Entrepen\u00f8rer p\u00e5 dette prosjektet.I tilknytning til omsorgsboligene etableres det et dagsenter med blant annet fris\u00f8r, fotpleie, fysioterapi og kultursal med kaf\u00e9. Prosjektet er oppf\u00f8rt i massivtre, med plasst\u00f8pt kjeller i betong. ... Read More","og_url":"https:\/\/straye.no\/sv\/aktuelt\/solhoy_omsorgsboliger\/","og_site_name":"Straye","article_published_time":"2023-11-03T10:26:01+00:00","article_modified_time":"2024-03-11T09:55:49+00:00","og_image":[{"width":1024,"height":708,"url":"https:\/\/straye.no\/wp-content\/uploads\/2023\/11\/Solhoy_Front-1024x708.png","type":"image\/png"}],"author":"Trond","twitter_card":"summary_large_image","twitter_misc":{"Skriven av":"Trond","Ber\u00e4knad l\u00e4stid":"1 minut"},"schema":{"@context":"https:\/\/schema.org","@graph":[{"@type":"Article","@id":"https:\/\/straye.no\/aktuelt\/solhoy_omsorgsboliger\/#article","isPartOf":{"@id":"https:\/\/straye.no\/aktuelt\/solhoy_omsorgsboliger\/"},"author":{"name":"Trond","@id":"https:\/\/straye.no\/#\/schema\/person\/649554fcbae3ed408ddd294b2791de80"},"headline":"Solh\u00f8y omsorgsboliger","datePublished":"2023-11-03T10:26:01+00:00","dateModified":"2024-03-11T09:55:49+00:00","mainEntityOfPage":{"@id":"https:\/\/straye.no\/aktuelt\/solhoy_omsorgsboliger\/"},"wordCount":305,"commentCount":10,"image":{"@id":"https:\/\/straye.no\/aktuelt\/solhoy_omsorgsboliger\/#primaryimage"},"thumbnailUrl":"https:\/\/straye.no\/wp-content\/uploads\/2023\/11\/Solhoy_Front.png","articleSection":["Aktuelt"],"inLanguage":"sv-SE","potentialAction":[{"@type":"CommentAction","name":"Comment","target":["https:\/\/straye.no\/aktuelt\/solhoy_omsorgsboliger\/#respond"]}]},{"@type":"WebPage","@id":"https:\/\/straye.no\/aktuelt\/solhoy_omsorgsboliger\/","url":"https:\/\/straye.no\/aktuelt\/solhoy_omsorgsboliger\/","name":"Solh\u00f8y omsorgsboliger - Straye","isPartOf":{"@id":"https:\/\/straye.no\/#website"},"primaryImageOfPage":{"@id":"https:\/\/straye.no\/aktuelt\/solhoy_omsorgsboliger\/#primaryimage"},"image":{"@id":"https:\/\/straye.no\/aktuelt\/solhoy_omsorgsboliger\/#primaryimage"},"thumbnailUrl":"https:\/\/straye.no\/wp-content\/uploads\/2023\/11\/Solhoy_Front.png","datePublished":"2023-11-03T10:26:01+00:00","dateModified":"2024-03-11T09:55:49+00:00","author":{"@id":"https:\/\/straye.no\/#\/schema\/person\/649554fcbae3ed408ddd294b2791de80"},"breadcrumb":{"@id":"https:\/\/straye.no\/aktuelt\/solhoy_omsorgsboliger\/#breadcrumb"},"inLanguage":"sv-SE","potentialAction":[{"@type":"ReadAction","target":["https:\/\/straye.no\/aktuelt\/solhoy_omsorgsboliger\/"]}]},{"@type":"ImageObject","inLanguage":"sv-SE","@id":"https:\/\/straye.no\/aktuelt\/solhoy_omsorgsboliger\/#primaryimage","url":"https:\/\/straye.no\/wp-content\/uploads\/2023\/11\/Solhoy_Front.png","contentUrl":"https:\/\/straye.no\/wp-content\/uploads\/2023\/11\/Solhoy_Front.png","width":2000,"height":1383},{"@type":"BreadcrumbList","@id":"https:\/\/straye.no\/aktuelt\/solhoy_omsorgsboliger\/#breadcrumb","itemListElement":[{"@type":"ListItem","position":1,"name":"Hjem","item":"https:\/\/straye.no\/"},{"@type":"ListItem","position":2,"name":"Solh\u00f8y omsorgsboliger"}]},{"@type":"WebSite","@id":"https:\/\/straye.no\/#website","url":"https:\/\/straye.no\/","name":"Straye Group AS","description":"Straye","potentialAction":[{"@type":"SearchAction","target":{"@type":"EntryPoint","urlTemplate":"https:\/\/straye.no\/?s={search_term_string}"},"query-input":{"@type":"PropertyValueSpecification","valueRequired":true,"valueName":"search_term_string"}}],"inLanguage":"sv-SE"},{"@type":"Person","@id":"https:\/\/straye.no\/#\/schema\/person\/649554fcbae3ed408ddd294b2791de80","name":"Trond","image":{"@type":"ImageObject","inLanguage":"sv-SE","@id":"https:\/\/secure.gravatar.com\/avatar\/f953cf82f26715436bf96313088b06bef5f9d71dcc5e671781cb3975ec147000?s=96&d=mm&r=g","url":"https:\/\/secure.gravatar.com\/avatar\/f953cf82f26715436bf96313088b06bef5f9d71dcc5e671781cb3975ec147000?s=96&d=mm&r=g","contentUrl":"https:\/\/secure.gravatar.com\/avatar\/f953cf82f26715436bf96313088b06bef5f9d71dcc5e671781cb3975ec147000?s=96&d=mm&r=g","caption":"Trond"}}]}},"_links":{"self":[{"href":"https:\/\/straye.no\/sv\/wp-json\/wp\/v2\/posts\/1579","targetHints":{"allow":["GET"]}}],"collection":[{"href":"https:\/\/straye.no\/sv\/wp-json\/wp\/v2\/posts"}],"about":[{"href":"https:\/\/straye.no\/sv\/wp-json\/wp\/v2\/types\/post"}],"author":[{"embeddable":true,"href":"https:\/\/straye.no\/sv\/wp-json\/wp\/v2\/users\/3"}],"replies":[{"embeddable":true,"href":"https:\/\/straye.no\/sv\/wp-json\/wp\/v2\/comments?post=1579"}],"version-history":[{"count":5,"href":"https:\/\/straye.no\/sv\/wp-json\/wp\/v2\/posts\/1579\/revisions"}],"predecessor-version":[{"id":1585,"href":"https:\/\/straye.no\/sv\/wp-json\/wp\/v2\/posts\/1579\/revisions\/1585"}],"wp:featuredmedia":[{"embeddable":true,"href":"https:\/\/straye.no\/sv\/wp-json\/wp\/v2\/media\/1566"}],"wp:attachment":[{"href":"https:\/\/straye.no\/sv\/wp-json\/wp\/v2\/media?parent=1579"}],"wp:term":[{"taxonomy":"category","embeddable":true,"href":"https:\/\/straye.no\/sv\/wp-json\/wp\/v2\/categories?post=1579"},{"taxonomy":"post_tag","embeddable":true,"href":"https:\/\/straye.no\/sv\/wp-json\/wp\/v2\/tags?post=1579"},{"taxonomy":"firmaer","embeddable":true,"href":"https:\/\/straye.no\/sv\/wp-json\/wp\/v2\/firmaer?post=1579"}],"curies":[{"name":"wp","href":"https:\/\/api.w.org\/{rel}","templated":true}]}}