{"id":1143,"date":"2023-08-25T09:59:28","date_gmt":"2023-08-25T09:59:28","guid":{"rendered":"https:\/\/straye.undrumdesign.no\/?p=1143"},"modified":"2023-08-25T12:18:03","modified_gmt":"2023-08-25T12:18:03","slug":"norges-forste-komersielle-batterifabrikk-i-arendal","status":"publish","type":"post","link":"https:\/\/straye.no\/sv\/aktuelt\/norges-forste-komersielle-batterifabrikk-i-arendal\/","title":{"rendered":"Norges f\u00f6rsta kommersiella batterifabrik i Arendal"},"content":{"rendered":"<p><img loading=\"lazy\" decoding=\"async\" class=\"size-full wp-image-1134 aligncenter\" src=\"https:\/\/straye.no\/wp-content\/uploads\/2023\/08\/stalbygg2.jpg\" alt=\"\" width=\"980\" height=\"479\" srcset=\"https:\/\/straye.no\/wp-content\/uploads\/2023\/08\/stalbygg2.jpg 980w, https:\/\/straye.no\/wp-content\/uploads\/2023\/08\/stalbygg2-300x147.jpg 300w, https:\/\/straye.no\/wp-content\/uploads\/2023\/08\/stalbygg2-768x375.jpg 768w, https:\/\/straye.no\/wp-content\/uploads\/2023\/08\/stalbygg2-100x49.jpg 100w\" sizes=\"auto, (max-width: 980px) 100vw, 980px\" \/><\/p>\n<h4>Under det nya \u00e5ret b\u00f6rjade Straye Stahlbygg bygga produktionslokalerna f\u00f6r en av Norges f\u00f6rsta kommersiella battericellsfabriker - i Arendal.<\/h4>\n<p>Siva Morrow Eyde Energipark AS har tecknat avtal med Veidekke om byggnation av fabriken. Totalentreprenaden \u00e4r v\u00e4rd knappt 400 miljoner norska kronor exklusive moms.<br \/>\nDetta kommer att bli en av de f\u00f6rsta kommersiella battericellsfabrikerna i Norge. Tack vare tillg\u00e5ngen p\u00e5 f\u00f6rnybar energi kommer den att producera n\u00e5gra av de mest h\u00e5llbara batterierna i v\u00e4rlden fr\u00e5n dag ett. Fabriken kommer att ha en \u00e5rlig produktionskapacitet p\u00e5 1 GWh battericeller per \u00e5r n\u00e4r den startar, men n\u00e4r de planerade byggfaserna \u00e4r slutf\u00f6rda kommer kapaciteten att uppg\u00e5 till 43 gigawattimmar (GWh), vilket motsvarar behovet hos mer \u00e4n 700.000 elbilar.<\/p>\n<p>- \"Som investerare i industrifastigheter \u00e4r Siva mycket n\u00f6jda med att ha Veidekke ombord f\u00f6r realiseringen av Batterifabrikk 1. Projektet har genomg\u00e5tt en utvecklingsfas d\u00e4r Veidekke har visat att man har den kompetens, kapacitet och genomf\u00f6randef\u00f6rm\u00e5ga som kr\u00e4vs f\u00f6r s\u00e5dana h\u00e4r projekt\", s\u00e4ger Lisa Bartnes Aalberg, fastighetsdirekt\u00f6r p\u00e5 Siva, i ett pressmeddelande.<\/p>\n<p>Batterifabrikk del 1 kommer att omfatta n\u00e4stan 30.000 kvadratmeter och byggs i samarbete mellan Veidekke Logistikkbygg och Veidekke Bygg Agder. Straye St\u00e5lbygg \u00e4r underentrepren\u00f6r till Veidekke och har ett kontrakt v\u00e4rt 100 miljoner NOK.\u00a0<span class=\"\">Totalt 1.700 ton st\u00e5l, montering av 14.000 kvadratmeter perforerad pl\u00e5t, 18.000 kvadratmeter v\u00e4gg- och\u00a0<\/span>20.000 kvadratmeter med tak.<\/p>\n<p>Straye st\u00e5lbygg fr\u00e5n Fredrikstad blir en stor och viktig underleverant\u00f6r n\u00e4r fabriken ska byggas. \"Det blir stora dimensioner\", s\u00e4ger projektledaren Salmir Berbic.<\/p>\n<p><img loading=\"lazy\" decoding=\"async\" class=\"wp-image-44 alignleft\" src=\"https:\/\/straye.no\/wp-content\/uploads\/2022\/09\/Straye1_BW_500-300x300.jpg\" alt=\"\" width=\"130\" height=\"130\" \/><\/p>\n<p><strong>Salmir Berbic<\/strong><br \/>\nProjektledare \/ St\u00e5lbyggnader<br \/>\nMob: 454 19 041<br \/>\nE-post:\u00a0salmir.berbic@straye.no<\/p>","protected":false},"excerpt":{"rendered":"<p>I b\u00f6rjan av \u00e5ret b\u00f6rjade Straye Stahlbygg bygga produktionslokalerna f\u00f6r en av Norges f\u00f6rsta kommersiella battericellsfabriker - i Arendal. Siva Morrow Eyde Energipark AS har tecknat avtal med Veidekke om byggnation av fabriken. Totalentreprenaden \u00e4r v\u00e4rd knappt 400 miljoner norska kronor exklusive moms. Detta blir en av de f\u00f6rsta kommersiella battericellsfabrikerna i Norge. P\u00e5 grund av tillg\u00e5ngen p\u00e5 f\u00f6rnybar energi har ... <\/p>\n<div><a href=\"https:\/\/straye.no\/sv\/aktuelt\/norges-forste-komersielle-batterifabrikk-i-arendal\/\" class=\"more-link\">L\u00e4s mer om<\/a><\/div>","protected":false},"author":1,"featured_media":1134,"comment_status":"open","ping_status":"closed","sticky":false,"template":"","format":"standard","meta":{"_acf_changed":false,"inline_featured_image":false,"footnotes":""},"categories":[17],"tags":[],"firmaer":[10],"class_list":["post-1143","post","type-post","status-publish","format-standard","has-post-thumbnail","hentry","category-aktuelt","firmaer-stalbygg"],"acf":[],"yoast_head":"<!-- This site is optimized with the Yoast SEO plugin v27.5 - https:\/\/yoast.com\/product\/yoast-seo-wordpress\/ -->\n<title>Norges f\u00f8rste kommersielle batterifabrikk i Arendal - Straye<\/title>\n<meta name=\"robots\" content=\"index, follow, max-snippet:-1, max-image-preview:large, max-video-preview:-1\" \/>\n<link rel=\"canonical\" href=\"https:\/\/straye.no\/sv\/aktuelt\/norges-forste-komersielle-batterifabrikk-i-arendal\/\" \/>\n<meta property=\"og:locale\" content=\"sv_SE\" \/>\n<meta property=\"og:type\" content=\"article\" \/>\n<meta property=\"og:title\" content=\"Norges f\u00f8rste kommersielle batterifabrikk i Arendal - Straye\" \/>\n<meta property=\"og:description\" content=\"P\u00e5 ny\u00e5ret startet Straye st\u00e5lbygg, byggingen av produksjonslokalet til en av Norges f\u00f8rste kommersielle battericellefabrikker \u2013 i Arendal. Det er\u00a0Siva Morrow Eyde Energipark AS\u00a0som har skrevet kontrakt med Veidekke for oppf\u00f8ring av fabrikken. Totalentreprisen er verdt i underkant av\u00a0400 millioner kroner\u00a0ekskl. mva. Dette blir en av de f\u00f8rste kommersielle battericellefabrikkene i Norge. P\u00e5 grunn av tilgangen p\u00e5 fornybar energi vil ... Read More\" \/>\n<meta property=\"og:url\" content=\"https:\/\/straye.no\/sv\/aktuelt\/norges-forste-komersielle-batterifabrikk-i-arendal\/\" \/>\n<meta property=\"og:site_name\" content=\"Straye\" \/>\n<meta property=\"article:published_time\" content=\"2023-08-25T09:59:28+00:00\" \/>\n<meta property=\"article:modified_time\" content=\"2023-08-25T12:18:03+00:00\" \/>\n<meta property=\"og:image\" content=\"https:\/\/straye.no\/wp-content\/uploads\/2023\/08\/stalbygg2.jpg\" \/>\n\t<meta property=\"og:image:width\" content=\"980\" \/>\n\t<meta property=\"og:image:height\" content=\"479\" \/>\n\t<meta property=\"og:image:type\" content=\"image\/jpeg\" \/>\n<meta name=\"author\" content=\"UndrumDesign\" \/>\n<meta name=\"twitter:card\" content=\"summary_large_image\" \/>\n<meta name=\"twitter:label1\" content=\"Skriven av\" \/>\n\t<meta name=\"twitter:data1\" content=\"UndrumDesign\" \/>\n\t<meta name=\"twitter:label2\" content=\"Ber\u00e4knad l\u00e4stid\" \/>\n\t<meta name=\"twitter:data2\" content=\"2 minuter\" \/>\n<script type=\"application\/ld+json\" class=\"yoast-schema-graph\">{\"@context\":\"https:\\\/\\\/schema.org\",\"@graph\":[{\"@type\":\"Article\",\"@id\":\"https:\\\/\\\/straye.no\\\/aktuelt\\\/norges-forste-komersielle-batterifabrikk-i-arendal\\\/#article\",\"isPartOf\":{\"@id\":\"https:\\\/\\\/straye.no\\\/aktuelt\\\/norges-forste-komersielle-batterifabrikk-i-arendal\\\/\"},\"author\":{\"name\":\"UndrumDesign\",\"@id\":\"https:\\\/\\\/straye.no\\\/#\\\/schema\\\/person\\\/7fa7e3a3a57d469b5a9cfb04f7e53145\"},\"headline\":\"Norges f\u00f8rste kommersielle batterifabrikk i Arendal\",\"datePublished\":\"2023-08-25T09:59:28+00:00\",\"dateModified\":\"2023-08-25T12:18:03+00:00\",\"mainEntityOfPage\":{\"@id\":\"https:\\\/\\\/straye.no\\\/aktuelt\\\/norges-forste-komersielle-batterifabrikk-i-arendal\\\/\"},\"wordCount\":271,\"commentCount\":7,\"image\":{\"@id\":\"https:\\\/\\\/straye.no\\\/aktuelt\\\/norges-forste-komersielle-batterifabrikk-i-arendal\\\/#primaryimage\"},\"thumbnailUrl\":\"https:\\\/\\\/straye.no\\\/wp-content\\\/uploads\\\/2023\\\/08\\\/stalbygg2.jpg\",\"articleSection\":[\"Aktuelt\"],\"inLanguage\":\"sv-SE\",\"potentialAction\":[{\"@type\":\"CommentAction\",\"name\":\"Comment\",\"target\":[\"https:\\\/\\\/straye.no\\\/aktuelt\\\/norges-forste-komersielle-batterifabrikk-i-arendal\\\/#respond\"]}]},{\"@type\":\"WebPage\",\"@id\":\"https:\\\/\\\/straye.no\\\/aktuelt\\\/norges-forste-komersielle-batterifabrikk-i-arendal\\\/\",\"url\":\"https:\\\/\\\/straye.no\\\/aktuelt\\\/norges-forste-komersielle-batterifabrikk-i-arendal\\\/\",\"name\":\"Norges f\u00f8rste kommersielle batterifabrikk i Arendal - Straye\",\"isPartOf\":{\"@id\":\"https:\\\/\\\/straye.no\\\/#website\"},\"primaryImageOfPage\":{\"@id\":\"https:\\\/\\\/straye.no\\\/aktuelt\\\/norges-forste-komersielle-batterifabrikk-i-arendal\\\/#primaryimage\"},\"image\":{\"@id\":\"https:\\\/\\\/straye.no\\\/aktuelt\\\/norges-forste-komersielle-batterifabrikk-i-arendal\\\/#primaryimage\"},\"thumbnailUrl\":\"https:\\\/\\\/straye.no\\\/wp-content\\\/uploads\\\/2023\\\/08\\\/stalbygg2.jpg\",\"datePublished\":\"2023-08-25T09:59:28+00:00\",\"dateModified\":\"2023-08-25T12:18:03+00:00\",\"author\":{\"@id\":\"https:\\\/\\\/straye.no\\\/#\\\/schema\\\/person\\\/7fa7e3a3a57d469b5a9cfb04f7e53145\"},\"breadcrumb\":{\"@id\":\"https:\\\/\\\/straye.no\\\/aktuelt\\\/norges-forste-komersielle-batterifabrikk-i-arendal\\\/#breadcrumb\"},\"inLanguage\":\"sv-SE\",\"potentialAction\":[{\"@type\":\"ReadAction\",\"target\":[\"https:\\\/\\\/straye.no\\\/aktuelt\\\/norges-forste-komersielle-batterifabrikk-i-arendal\\\/\"]}]},{\"@type\":\"ImageObject\",\"inLanguage\":\"sv-SE\",\"@id\":\"https:\\\/\\\/straye.no\\\/aktuelt\\\/norges-forste-komersielle-batterifabrikk-i-arendal\\\/#primaryimage\",\"url\":\"https:\\\/\\\/straye.no\\\/wp-content\\\/uploads\\\/2023\\\/08\\\/stalbygg2.jpg\",\"contentUrl\":\"https:\\\/\\\/straye.no\\\/wp-content\\\/uploads\\\/2023\\\/08\\\/stalbygg2.jpg\",\"width\":980,\"height\":479},{\"@type\":\"BreadcrumbList\",\"@id\":\"https:\\\/\\\/straye.no\\\/aktuelt\\\/norges-forste-komersielle-batterifabrikk-i-arendal\\\/#breadcrumb\",\"itemListElement\":[{\"@type\":\"ListItem\",\"position\":1,\"name\":\"Hjem\",\"item\":\"https:\\\/\\\/straye.no\\\/\"},{\"@type\":\"ListItem\",\"position\":2,\"name\":\"Norges f\u00f8rste kommersielle batterifabrikk i Arendal\"}]},{\"@type\":\"WebSite\",\"@id\":\"https:\\\/\\\/straye.no\\\/#website\",\"url\":\"https:\\\/\\\/straye.no\\\/\",\"name\":\"Straye Gruppen AS\",\"description\":\"Straye\",\"potentialAction\":[{\"@type\":\"SearchAction\",\"target\":{\"@type\":\"EntryPoint\",\"urlTemplate\":\"https:\\\/\\\/straye.no\\\/?s={search_term_string}\"},\"query-input\":{\"@type\":\"PropertyValueSpecification\",\"valueRequired\":true,\"valueName\":\"search_term_string\"}}],\"inLanguage\":\"sv-SE\"},{\"@type\":\"Person\",\"@id\":\"https:\\\/\\\/straye.no\\\/#\\\/schema\\\/person\\\/7fa7e3a3a57d469b5a9cfb04f7e53145\",\"name\":\"UndrumDesign\",\"image\":{\"@type\":\"ImageObject\",\"inLanguage\":\"sv-SE\",\"@id\":\"https:\\\/\\\/secure.gravatar.com\\\/avatar\\\/f92cdcd40a0708d615d9c6dee1127dc9cb20d3036cfa329d00794edb69a8850f?s=96&d=mm&r=g\",\"url\":\"https:\\\/\\\/secure.gravatar.com\\\/avatar\\\/f92cdcd40a0708d615d9c6dee1127dc9cb20d3036cfa329d00794edb69a8850f?s=96&d=mm&r=g\",\"contentUrl\":\"https:\\\/\\\/secure.gravatar.com\\\/avatar\\\/f92cdcd40a0708d615d9c6dee1127dc9cb20d3036cfa329d00794edb69a8850f?s=96&d=mm&r=g\",\"caption\":\"UndrumDesign\"},\"sameAs\":[\"https:\\\/\\\/straye.no\"]}]}<\/script>\n<!-- \/ Yoast SEO plugin. -->","yoast_head_json":{"title":"Norges f\u00f8rste kommersielle batterifabrikk i Arendal - Straye","robots":{"index":"index","follow":"follow","max-snippet":"max-snippet:-1","max-image-preview":"max-image-preview:large","max-video-preview":"max-video-preview:-1"},"canonical":"https:\/\/straye.no\/sv\/aktuelt\/norges-forste-komersielle-batterifabrikk-i-arendal\/","og_locale":"sv_SE","og_type":"article","og_title":"Norges f\u00f8rste kommersielle batterifabrikk i Arendal - Straye","og_description":"P\u00e5 ny\u00e5ret startet Straye st\u00e5lbygg, byggingen av produksjonslokalet til en av Norges f\u00f8rste kommersielle battericellefabrikker \u2013 i Arendal. Det er\u00a0Siva Morrow Eyde Energipark AS\u00a0som har skrevet kontrakt med Veidekke for oppf\u00f8ring av fabrikken. Totalentreprisen er verdt i underkant av\u00a0400 millioner kroner\u00a0ekskl. mva. Dette blir en av de f\u00f8rste kommersielle battericellefabrikkene i Norge. P\u00e5 grunn av tilgangen p\u00e5 fornybar energi vil ... Read More","og_url":"https:\/\/straye.no\/sv\/aktuelt\/norges-forste-komersielle-batterifabrikk-i-arendal\/","og_site_name":"Straye","article_published_time":"2023-08-25T09:59:28+00:00","article_modified_time":"2023-08-25T12:18:03+00:00","og_image":[{"width":980,"height":479,"url":"https:\/\/straye.no\/wp-content\/uploads\/2023\/08\/stalbygg2.jpg","type":"image\/jpeg"}],"author":"UndrumDesign","twitter_card":"summary_large_image","twitter_misc":{"Skriven av":"UndrumDesign","Ber\u00e4knad l\u00e4stid":"2 minuter"},"schema":{"@context":"https:\/\/schema.org","@graph":[{"@type":"Article","@id":"https:\/\/straye.no\/aktuelt\/norges-forste-komersielle-batterifabrikk-i-arendal\/#article","isPartOf":{"@id":"https:\/\/straye.no\/aktuelt\/norges-forste-komersielle-batterifabrikk-i-arendal\/"},"author":{"name":"UndrumDesign","@id":"https:\/\/straye.no\/#\/schema\/person\/7fa7e3a3a57d469b5a9cfb04f7e53145"},"headline":"Norges f\u00f8rste kommersielle batterifabrikk i Arendal","datePublished":"2023-08-25T09:59:28+00:00","dateModified":"2023-08-25T12:18:03+00:00","mainEntityOfPage":{"@id":"https:\/\/straye.no\/aktuelt\/norges-forste-komersielle-batterifabrikk-i-arendal\/"},"wordCount":271,"commentCount":7,"image":{"@id":"https:\/\/straye.no\/aktuelt\/norges-forste-komersielle-batterifabrikk-i-arendal\/#primaryimage"},"thumbnailUrl":"https:\/\/straye.no\/wp-content\/uploads\/2023\/08\/stalbygg2.jpg","articleSection":["Aktuelt"],"inLanguage":"sv-SE","potentialAction":[{"@type":"CommentAction","name":"Comment","target":["https:\/\/straye.no\/aktuelt\/norges-forste-komersielle-batterifabrikk-i-arendal\/#respond"]}]},{"@type":"WebPage","@id":"https:\/\/straye.no\/aktuelt\/norges-forste-komersielle-batterifabrikk-i-arendal\/","url":"https:\/\/straye.no\/aktuelt\/norges-forste-komersielle-batterifabrikk-i-arendal\/","name":"Norges f\u00f8rste kommersielle batterifabrikk i Arendal - Straye","isPartOf":{"@id":"https:\/\/straye.no\/#website"},"primaryImageOfPage":{"@id":"https:\/\/straye.no\/aktuelt\/norges-forste-komersielle-batterifabrikk-i-arendal\/#primaryimage"},"image":{"@id":"https:\/\/straye.no\/aktuelt\/norges-forste-komersielle-batterifabrikk-i-arendal\/#primaryimage"},"thumbnailUrl":"https:\/\/straye.no\/wp-content\/uploads\/2023\/08\/stalbygg2.jpg","datePublished":"2023-08-25T09:59:28+00:00","dateModified":"2023-08-25T12:18:03+00:00","author":{"@id":"https:\/\/straye.no\/#\/schema\/person\/7fa7e3a3a57d469b5a9cfb04f7e53145"},"breadcrumb":{"@id":"https:\/\/straye.no\/aktuelt\/norges-forste-komersielle-batterifabrikk-i-arendal\/#breadcrumb"},"inLanguage":"sv-SE","potentialAction":[{"@type":"ReadAction","target":["https:\/\/straye.no\/aktuelt\/norges-forste-komersielle-batterifabrikk-i-arendal\/"]}]},{"@type":"ImageObject","inLanguage":"sv-SE","@id":"https:\/\/straye.no\/aktuelt\/norges-forste-komersielle-batterifabrikk-i-arendal\/#primaryimage","url":"https:\/\/straye.no\/wp-content\/uploads\/2023\/08\/stalbygg2.jpg","contentUrl":"https:\/\/straye.no\/wp-content\/uploads\/2023\/08\/stalbygg2.jpg","width":980,"height":479},{"@type":"BreadcrumbList","@id":"https:\/\/straye.no\/aktuelt\/norges-forste-komersielle-batterifabrikk-i-arendal\/#breadcrumb","itemListElement":[{"@type":"ListItem","position":1,"name":"Hjem","item":"https:\/\/straye.no\/"},{"@type":"ListItem","position":2,"name":"Norges f\u00f8rste kommersielle batterifabrikk i Arendal"}]},{"@type":"WebSite","@id":"https:\/\/straye.no\/#website","url":"https:\/\/straye.no\/","name":"Straye Group AS","description":"Straye","potentialAction":[{"@type":"SearchAction","target":{"@type":"EntryPoint","urlTemplate":"https:\/\/straye.no\/?s={search_term_string}"},"query-input":{"@type":"PropertyValueSpecification","valueRequired":true,"valueName":"search_term_string"}}],"inLanguage":"sv-SE"},{"@type":"Person","@id":"https:\/\/straye.no\/#\/schema\/person\/7fa7e3a3a57d469b5a9cfb04f7e53145","name":"UndrumDesign","image":{"@type":"ImageObject","inLanguage":"sv-SE","@id":"https:\/\/secure.gravatar.com\/avatar\/f92cdcd40a0708d615d9c6dee1127dc9cb20d3036cfa329d00794edb69a8850f?s=96&d=mm&r=g","url":"https:\/\/secure.gravatar.com\/avatar\/f92cdcd40a0708d615d9c6dee1127dc9cb20d3036cfa329d00794edb69a8850f?s=96&d=mm&r=g","contentUrl":"https:\/\/secure.gravatar.com\/avatar\/f92cdcd40a0708d615d9c6dee1127dc9cb20d3036cfa329d00794edb69a8850f?s=96&d=mm&r=g","caption":"UndrumDesign"},"sameAs":["https:\/\/straye.no"]}]}},"_links":{"self":[{"href":"https:\/\/straye.no\/sv\/wp-json\/wp\/v2\/posts\/1143","targetHints":{"allow":["GET"]}}],"collection":[{"href":"https:\/\/straye.no\/sv\/wp-json\/wp\/v2\/posts"}],"about":[{"href":"https:\/\/straye.no\/sv\/wp-json\/wp\/v2\/types\/post"}],"author":[{"embeddable":true,"href":"https:\/\/straye.no\/sv\/wp-json\/wp\/v2\/users\/1"}],"replies":[{"embeddable":true,"href":"https:\/\/straye.no\/sv\/wp-json\/wp\/v2\/comments?post=1143"}],"version-history":[{"count":11,"href":"https:\/\/straye.no\/sv\/wp-json\/wp\/v2\/posts\/1143\/revisions"}],"predecessor-version":[{"id":1185,"href":"https:\/\/straye.no\/sv\/wp-json\/wp\/v2\/posts\/1143\/revisions\/1185"}],"wp:featuredmedia":[{"embeddable":true,"href":"https:\/\/straye.no\/sv\/wp-json\/wp\/v2\/media\/1134"}],"wp:attachment":[{"href":"https:\/\/straye.no\/sv\/wp-json\/wp\/v2\/media?parent=1143"}],"wp:term":[{"taxonomy":"category","embeddable":true,"href":"https:\/\/straye.no\/sv\/wp-json\/wp\/v2\/categories?post=1143"},{"taxonomy":"post_tag","embeddable":true,"href":"https:\/\/straye.no\/sv\/wp-json\/wp\/v2\/tags?post=1143"},{"taxonomy":"firmaer","embeddable":true,"href":"https:\/\/straye.no\/sv\/wp-json\/wp\/v2\/firmaer?post=1143"}],"curies":[{"name":"wp","href":"https:\/\/api.w.org\/{rel}","templated":true}]}}